{"id":692,"date":"2023-04-28T10:05:21","date_gmt":"2023-04-28T10:05:21","guid":{"rendered":"https:\/\/eremglobal.com\/hukuk\/?p=692"},"modified":"2023-04-28T10:48:08","modified_gmt":"2023-04-28T10:48:08","slug":"fikri-sinai-haklar-hukuku","status":"publish","type":"post","link":"https:\/\/eremglobal.com\/hukuk\/index.php\/2023\/04\/28\/fikri-sinai-haklar-hukuku\/","title":{"rendered":"Fikri S\u0131nai Haklar Hukuku"},"content":{"rendered":"\n<p>Fikri ve s\u0131nai m\u00fclkiyet hukuku, eser sahibi olan ki\u015finin t\u00fcm maddi ve manevi haklar\u0131n\u0131 koruyan bir hukuk dal\u0131d\u0131r. Eser sahibinin izni olmadan kullan\u0131lmas\u0131, \u00e7o\u011falt\u0131lmas\u0131, da\u011f\u0131t\u0131lmas\u0131 veyahut patent hakk\u0131, lisans gibi bir\u00e7ok konu bu alanda d\u00fczenlenmi\u015ftir. Bir eserin iktisadi olarak bir de\u011fer ta\u015f\u0131mas\u0131 ve eser sahibinin eme\u011fini ta\u015f\u0131d\u0131\u011f\u0131 i\u00e7in hukuk alan\u0131nda korunma alt\u0131na al\u0131nm\u0131\u015ft\u0131r.<\/p>\n\n\n\n<p>Fikri m\u00fclkiyet hakk\u0131, bir ki\u015finin kendisine ait eserini, eseri \u00fczerindeki fikirlerini veya bulu\u015flar\u0131n\u0131 koruma alt\u0131na alarak ki\u015fiye \u00f6zg\u00fc yapmas\u0131 olarak d\u00fc\u015f\u00fcnebiliriz. Yani bir ki\u015finin kendi yarat\u0131c\u0131l\u0131\u011f\u0131n\u0131 kullanarak ortaya \u00e7\u0131kard\u0131\u011f\u0131 m\u00fczik, edebiyat, bilim bulu\u015flar\u0131 gibi fikirlerinin bir olu\u015fum a\u015famas\u0131 vard\u0131r. Bu a\u015famadan sonra koruma ba\u015flar ve hukuki haklar do\u011far. Bu hak eser sahibine, k\u0131saca \u0130zinsiz kullan\u0131lmas\u0131n\u0131 \u00f6nlemek veyahut kullan\u0131lmas\u0131 halinde hukuki yollara ba\u015fvurma hakk\u0131n\u0131 sa\u011flar diyebiliriz. Burada ki m\u00fclkiyet kavram\u0131 ise, bir ki\u015finin ortaya \u00e7\u0131kard\u0131\u011f\u0131 fikirleri \u00fczerindeki hak sahipli\u011fidir. Dolay\u0131s\u0131yla fikri m\u00fclkiyet hakk\u0131n\u0131n konusunu iktisadi de\u011fer ta\u015f\u0131yan eserler olu\u015fturmaktad\u0131r. Fikri m\u00fclkiyet hukukunun unsurlar\u0131&nbsp;telif haklar\u0131 ve s\u0131nai m\u00fclkiyet haklar\u0131d\u0131r.<\/p>\n\n\n\n<p>Bir eserin meydana gelmesiyle birlikte&nbsp;telif hakk\u0131&nbsp;kendili\u011finden do\u011fmaktad\u0131r. Bir ki\u015finin eserini kamuya sunmas\u0131yla birlikte de koruma kendili\u011finden ba\u015flamaktad\u0131r. Bildirime veyahut tescile ihtiya\u00e7 yoktur.<\/p>\n\n\n\n<p>S\u0131nai m\u00fclkiyet haklar\u0131nda koruman\u0131n sa\u011flanmas\u0131 i\u00e7in ise bulu\u015fun, tasar\u0131m\u0131n,&nbsp;markan\u0131n tescil ettirilmesi&nbsp;gerekmektedir. S\u0131nai m\u00fclkiyet, bir yenili\u011fin, tasar\u0131m\u0131n, \u00f6zg\u00fcn \u00fcr\u00fcn\u00fcn; sahibi ad\u0131na tescil edilmesini sa\u011flayarak ticari hayattaki di\u011fer \u00fcr\u00fcnlerden ay\u0131rt edilmesini ve sadece kendisinin kullan\u0131m hakk\u0131na sahip olmas\u0131n\u0131 sa\u011flayarak \u00fcr\u00fcn\u00fc \u00f6zg\u00fcnle\u015ftirir. S\u0131nai hak ki\u015fiye \u00fcr\u00fcn\u00fc \u00fcretme ve satma hakk\u0131na belirli bir s\u00fcre sahip olmas\u0131n\u0131 sa\u011flamaktad\u0131r. Bir \u00fcr\u00fcn\u00fcn yap\u0131s\u0131na ve niteli\u011fine g\u00f6re; farkl\u0131 bir s\u0131nai m\u00fclkiyet hakk\u0131 verilir.<\/p>\n","protected":false},"excerpt":{"rendered":"<p>Fikri ve s\u0131nai m\u00fclkiyet hukuku, eser sahibi olan ki\u015finin t\u00fcm maddi ve manevi haklar\u0131n\u0131 koruyan bir hukuk dal\u0131d\u0131r. Eser sahibinin<span class=\"excerpt-hellip\"> [\u2026]<\/span><\/p>\n","protected":false},"author":1,"featured_media":705,"comment_status":"open","ping_status":"open","sticky":false,"template":"","format":"standard","meta":{"footnotes":""},"categories":[4],"tags":[17],"class_list":["post-692","post","type-post","status-publish","format-standard","has-post-thumbnail","hentry","category-hizmetlerimiz","tag-fikri-sinai-haklar-hukuku"],"_links":{"self":[{"href":"https:\/\/eremglobal.com\/hukuk\/index.php\/wp-json\/wp\/v2\/posts\/692","targetHints":{"allow":["GET"]}}],"collection":[{"href":"https:\/\/eremglobal.com\/hukuk\/index.php\/wp-json\/wp\/v2\/posts"}],"about":[{"href":"https:\/\/eremglobal.com\/hukuk\/index.php\/wp-json\/wp\/v2\/types\/post"}],"author":[{"embeddable":true,"href":"https:\/\/eremglobal.com\/hukuk\/index.php\/wp-json\/wp\/v2\/users\/1"}],"replies":[{"embeddable":true,"href":"https:\/\/eremglobal.com\/hukuk\/index.php\/wp-json\/wp\/v2\/comments?post=692"}],"version-history":[{"count":1,"href":"https:\/\/eremglobal.com\/hukuk\/index.php\/wp-json\/wp\/v2\/posts\/692\/revisions"}],"predecessor-version":[{"id":693,"href":"https:\/\/eremglobal.com\/hukuk\/index.php\/wp-json\/wp\/v2\/posts\/692\/revisions\/693"}],"wp:featuredmedia":[{"embeddable":true,"href":"https:\/\/eremglobal.com\/hukuk\/index.php\/wp-json\/wp\/v2\/media\/705"}],"wp:attachment":[{"href":"https:\/\/eremglobal.com\/hukuk\/index.php\/wp-json\/wp\/v2\/media?parent=692"}],"wp:term":[{"taxonomy":"category","embeddable":true,"href":"https:\/\/eremglobal.com\/hukuk\/index.php\/wp-json\/wp\/v2\/categories?post=692"},{"taxonomy":"post_tag","embeddable":true,"href":"https:\/\/eremglobal.com\/hukuk\/index.php\/wp-json\/wp\/v2\/tags?post=692"}],"curies":[{"name":"wp","href":"https:\/\/api.w.org\/{rel}","templated":true}]}}